{"id":1533,"date":"2026-08-20T11:08:34","date_gmt":"2026-08-20T09:08:34","guid":{"rendered":"https:\/\/www.pressignac.fr\/web\/?p=1533"},"modified":"2026-08-20T11:30:55","modified_gmt":"2026-08-20T09:30:55","slug":"interdiction-temporaire-de-la-peche-sur-la-retenue-du-lac-de-lavaud","status":"publish","type":"post","link":"https:\/\/www.pressignac.fr\/web\/index.php\/2026\/08\/20\/interdiction-temporaire-de-la-peche-sur-la-retenue-du-lac-de-lavaud\/","title":{"rendered":"Interdiction temporaire de la p\u00eache sur la retenue du Lac de Lavaud"},"content":{"rendered":"\t\t<div data-elementor-type=\"wp-post\" data-elementor-id=\"1533\" class=\"elementor elementor-1533\">\n\t\t\t\t\t\t<section class=\"elementor-section elementor-top-section elementor-element elementor-element-92873b3 elementor-section-boxed elementor-section-height-default elementor-section-height-default\" data-id=\"92873b3\" data-element_type=\"section\" data-e-type=\"section\">\n\t\t\t\t\t\t<div class=\"elementor-container elementor-column-gap-default\">\n\t\t\t\t\t<div class=\"elementor-column elementor-col-100 elementor-top-column elementor-element elementor-element-de2d15d\" data-id=\"de2d15d\" data-element_type=\"column\" data-e-type=\"column\">\n\t\t\t<div class=\"elementor-widget-wrap elementor-element-populated\">\n\t\t\t\t\t\t<div class=\"elementor-element elementor-element-469ea0a elementor-widget elementor-widget-image\" data-id=\"469ea0a\" data-element_type=\"widget\" data-e-type=\"widget\" data-widget_type=\"image.default\">\n\t\t\t\t<div class=\"elementor-widget-container\">\n\t\t\t\t\t\t\t\t\t\t\t\t\t\t\t<img fetchpriority=\"high\" decoding=\"async\" width=\"736\" height=\"1024\" src=\"https:\/\/www.pressignac.fr\/web\/wp-content\/uploads\/2026\/08\/p1-736x1024.png\" class=\"attachment-large size-large wp-image-1559\" alt=\"\" srcset=\"https:\/\/www.pressignac.fr\/web\/wp-content\/uploads\/2026\/08\/p1-736x1024.png 736w, https:\/\/www.pressignac.fr\/web\/wp-content\/uploads\/2026\/08\/p1-216x300.png 216w, https:\/\/www.pressignac.fr\/web\/wp-content\/uploads\/2026\/08\/p1-768x1069.png 768w, https:\/\/www.pressignac.fr\/web\/wp-content\/uploads\/2026\/08\/p1.png 1072w\" sizes=\"(max-width: 736px) 100vw, 736px\" \/>\t\t\t\t\t\t\t\t\t\t\t\t\t\t\t<\/div>\n\t\t\t\t<\/div>\n\t\t\t\t\t<\/div>\n\t\t<\/div>\n\t\t\t\t\t<\/div>\n\t\t<\/section>\n\t\t\t\t<section class=\"elementor-section elementor-top-section elementor-element elementor-element-670f6ca elementor-section-boxed elementor-section-height-default elementor-section-height-default\" data-id=\"670f6ca\" data-element_type=\"section\" data-e-type=\"section\">\n\t\t\t\t\t\t<div class=\"elementor-container elementor-column-gap-default\">\n\t\t\t\t\t<div class=\"elementor-column elementor-col-100 elementor-top-column elementor-element elementor-element-00d3c19\" data-id=\"00d3c19\" data-element_type=\"column\" data-e-type=\"column\">\n\t\t\t<div class=\"elementor-widget-wrap elementor-element-populated\">\n\t\t\t\t\t\t<div class=\"elementor-element elementor-element-97acd03 elementor-widget elementor-widget-image\" data-id=\"97acd03\" data-element_type=\"widget\" data-e-type=\"widget\" data-widget_type=\"image.default\">\n\t\t\t\t<div class=\"elementor-widget-container\">\n\t\t\t\t\t\t\t\t\t\t\t\t\t\t\t<img decoding=\"async\" width=\"742\" height=\"1024\" src=\"https:\/\/www.pressignac.fr\/web\/wp-content\/uploads\/2026\/08\/p2-742x1024.png\" class=\"attachment-large size-large wp-image-1560\" alt=\"\" srcset=\"https:\/\/www.pressignac.fr\/web\/wp-content\/uploads\/2026\/08\/p2-742x1024.png 742w, https:\/\/www.pressignac.fr\/web\/wp-content\/uploads\/2026\/08\/p2-217x300.png 217w, https:\/\/www.pressignac.fr\/web\/wp-content\/uploads\/2026\/08\/p2-768x1061.png 768w, https:\/\/www.pressignac.fr\/web\/wp-content\/uploads\/2026\/08\/p2-1112x1536.png 1112w, https:\/\/www.pressignac.fr\/web\/wp-content\/uploads\/2026\/08\/p2.png 1197w\" sizes=\"(max-width: 742px) 100vw, 742px\" \/>\t\t\t\t\t\t\t\t\t\t\t\t\t\t\t<\/div>\n\t\t\t\t<\/div>\n\t\t\t\t\t<\/div>\n\t\t<\/div>\n\t\t\t\t\t<\/div>\n\t\t<\/section>\n\t\t\t\t<\/div>\n\t\t","protected":false},"excerpt":{"rendered":"","protected":false},"author":1,"featured_media":1543,"comment_status":"closed","ping_status":"open","sticky":false,"template":"","format":"standard","meta":{"footnotes":""},"categories":[4],"tags":[],"class_list":["post-1533","post","type-post","status-publish","format-standard","has-post-thumbnail","hentry","category-informations"],"yoast_head":"<!-- This site is optimized with the Yoast SEO plugin v28.3 - https:\/\/yoast.com\/product\/yoast-seo-wordpress\/ -->\n<title>Interdiction temporaire de la p\u00eache sur la retenue du Lac de Lavaud - Pressignac<\/title>\n<meta name=\"robots\" content=\"index, follow, max-snippet:-1, max-image-preview:large, max-video-preview:-1\" \/>\n<link rel=\"canonical\" href=\"https:\/\/www.pressignac.fr\/web\/index.php\/2026\/08\/20\/interdiction-temporaire-de-la-peche-sur-la-retenue-du-lac-de-lavaud\/\" \/>\n<meta property=\"og:locale\" content=\"fr_FR\" \/>\n<meta property=\"og:type\" content=\"article\" \/>\n<meta property=\"og:title\" content=\"Interdiction temporaire de la p\u00eache sur la retenue du Lac de Lavaud - Pressignac\" \/>\n<meta property=\"og:url\" content=\"https:\/\/www.pressignac.fr\/web\/index.php\/2026\/08\/20\/interdiction-temporaire-de-la-peche-sur-la-retenue-du-lac-de-lavaud\/\" \/>\n<meta property=\"og:site_name\" content=\"Pressignac\" \/>\n<meta property=\"article:published_time\" content=\"2026-08-20T09:08:34+00:00\" \/>\n<meta property=\"article:modified_time\" content=\"2026-08-20T09:30:55+00:00\" \/>\n<meta property=\"og:image\" content=\"https:\/\/www.pressignac.fr\/web\/wp-content\/uploads\/2026\/08\/Capture-decran-2026-08-20-111431.png\" \/>\n\t<meta property=\"og:image:width\" content=\"412\" \/>\n\t<meta property=\"og:image:height\" content=\"355\" \/>\n\t<meta property=\"og:image:type\" content=\"image\/png\" \/>\n<meta name=\"author\" content=\"secretariat\" \/>\n<meta name=\"twitter:card\" content=\"summary_large_image\" \/>\n<meta name=\"twitter:label1\" content=\"\u00c9crit par\" \/>\n\t<meta name=\"twitter:data1\" content=\"secretariat\" \/>\n\t<meta name=\"twitter:label2\" content=\"Dur\u00e9e de lecture estim\u00e9e\" \/>\n\t<meta name=\"twitter:data2\" content=\"1 minute\" \/>\n<script type=\"application\/ld+json\" class=\"yoast-schema-graph\">{\"@context\":\"https:\\\/\\\/schema.org\",\"@graph\":[{\"@type\":\"Article\",\"@id\":\"https:\\\/\\\/www.pressignac.fr\\\/web\\\/index.php\\\/2026\\\/08\\\/20\\\/interdiction-temporaire-de-la-peche-sur-la-retenue-du-lac-de-lavaud\\\/#article\",\"isPartOf\":{\"@id\":\"https:\\\/\\\/www.pressignac.fr\\\/web\\\/index.php\\\/2026\\\/08\\\/20\\\/interdiction-temporaire-de-la-peche-sur-la-retenue-du-lac-de-lavaud\\\/\"},\"author\":{\"name\":\"secretariat\",\"@id\":\"https:\\\/\\\/www.pressignac.fr\\\/web\\\/#\\\/schema\\\/person\\\/5cb373212aa845657513690235d6c2f9\"},\"headline\":\"Interdiction temporaire de la p\u00eache sur la retenue du Lac de Lavaud\",\"datePublished\":\"2026-08-20T09:08:34+00:00\",\"dateModified\":\"2026-08-20T09:30:55+00:00\",\"mainEntityOfPage\":{\"@id\":\"https:\\\/\\\/www.pressignac.fr\\\/web\\\/index.php\\\/2026\\\/08\\\/20\\\/interdiction-temporaire-de-la-peche-sur-la-retenue-du-lac-de-lavaud\\\/\"},\"wordCount\":13,\"publisher\":{\"@id\":\"https:\\\/\\\/www.pressignac.fr\\\/web\\\/#organization\"},\"image\":{\"@id\":\"https:\\\/\\\/www.pressignac.fr\\\/web\\\/index.php\\\/2026\\\/08\\\/20\\\/interdiction-temporaire-de-la-peche-sur-la-retenue-du-lac-de-lavaud\\\/#primaryimage\"},\"thumbnailUrl\":\"https:\\\/\\\/www.pressignac.fr\\\/web\\\/wp-content\\\/uploads\\\/2026\\\/08\\\/Capture-decran-2026-08-20-111431.png\",\"articleSection\":[\"Informations\"],\"inLanguage\":\"fr-FR\"},{\"@type\":\"WebPage\",\"@id\":\"https:\\\/\\\/www.pressignac.fr\\\/web\\\/index.php\\\/2026\\\/08\\\/20\\\/interdiction-temporaire-de-la-peche-sur-la-retenue-du-lac-de-lavaud\\\/\",\"url\":\"https:\\\/\\\/www.pressignac.fr\\\/web\\\/index.php\\\/2026\\\/08\\\/20\\\/interdiction-temporaire-de-la-peche-sur-la-retenue-du-lac-de-lavaud\\\/\",\"name\":\"Interdiction temporaire de la p\u00eache sur la retenue du Lac de Lavaud - Pressignac\",\"isPartOf\":{\"@id\":\"https:\\\/\\\/www.pressignac.fr\\\/web\\\/#website\"},\"primaryImageOfPage\":{\"@id\":\"https:\\\/\\\/www.pressignac.fr\\\/web\\\/index.php\\\/2026\\\/08\\\/20\\\/interdiction-temporaire-de-la-peche-sur-la-retenue-du-lac-de-lavaud\\\/#primaryimage\"},\"image\":{\"@id\":\"https:\\\/\\\/www.pressignac.fr\\\/web\\\/index.php\\\/2026\\\/08\\\/20\\\/interdiction-temporaire-de-la-peche-sur-la-retenue-du-lac-de-lavaud\\\/#primaryimage\"},\"thumbnailUrl\":\"https:\\\/\\\/www.pressignac.fr\\\/web\\\/wp-content\\\/uploads\\\/2026\\\/08\\\/Capture-decran-2026-08-20-111431.png\",\"datePublished\":\"2026-08-20T09:08:34+00:00\",\"dateModified\":\"2026-08-20T09:30:55+00:00\",\"breadcrumb\":{\"@id\":\"https:\\\/\\\/www.pressignac.fr\\\/web\\\/index.php\\\/2026\\\/08\\\/20\\\/interdiction-temporaire-de-la-peche-sur-la-retenue-du-lac-de-lavaud\\\/#breadcrumb\"},\"inLanguage\":\"fr-FR\",\"potentialAction\":[{\"@type\":\"ReadAction\",\"target\":[\"https:\\\/\\\/www.pressignac.fr\\\/web\\\/index.php\\\/2026\\\/08\\\/20\\\/interdiction-temporaire-de-la-peche-sur-la-retenue-du-lac-de-lavaud\\\/\"]}]},{\"@type\":\"ImageObject\",\"inLanguage\":\"fr-FR\",\"@id\":\"https:\\\/\\\/www.pressignac.fr\\\/web\\\/index.php\\\/2026\\\/08\\\/20\\\/interdiction-temporaire-de-la-peche-sur-la-retenue-du-lac-de-lavaud\\\/#primaryimage\",\"url\":\"https:\\\/\\\/www.pressignac.fr\\\/web\\\/wp-content\\\/uploads\\\/2026\\\/08\\\/Capture-decran-2026-08-20-111431.png\",\"contentUrl\":\"https:\\\/\\\/www.pressignac.fr\\\/web\\\/wp-content\\\/uploads\\\/2026\\\/08\\\/Capture-decran-2026-08-20-111431.png\",\"width\":412,\"height\":355},{\"@type\":\"BreadcrumbList\",\"@id\":\"https:\\\/\\\/www.pressignac.fr\\\/web\\\/index.php\\\/2026\\\/08\\\/20\\\/interdiction-temporaire-de-la-peche-sur-la-retenue-du-lac-de-lavaud\\\/#breadcrumb\",\"itemListElement\":[{\"@type\":\"ListItem\",\"position\":1,\"name\":\"Accueil\",\"item\":\"https:\\\/\\\/www.pressignac.fr\\\/web\\\/\"},{\"@type\":\"ListItem\",\"position\":2,\"name\":\"Interdiction temporaire de la p\u00eache sur la retenue du Lac de Lavaud\"}]},{\"@type\":\"WebSite\",\"@id\":\"https:\\\/\\\/www.pressignac.fr\\\/web\\\/#website\",\"url\":\"https:\\\/\\\/www.pressignac.fr\\\/web\\\/\",\"name\":\"Pressignac\",\"description\":\"Commune de Charente Limousine\",\"publisher\":{\"@id\":\"https:\\\/\\\/www.pressignac.fr\\\/web\\\/#organization\"},\"potentialAction\":[{\"@type\":\"SearchAction\",\"target\":{\"@type\":\"EntryPoint\",\"urlTemplate\":\"https:\\\/\\\/www.pressignac.fr\\\/web\\\/?s={search_term_string}\"},\"query-input\":{\"@type\":\"PropertyValueSpecification\",\"valueRequired\":true,\"valueName\":\"search_term_string\"}}],\"inLanguage\":\"fr-FR\"},{\"@type\":\"Organization\",\"@id\":\"https:\\\/\\\/www.pressignac.fr\\\/web\\\/#organization\",\"name\":\"Ville de Pressignac\",\"url\":\"https:\\\/\\\/www.pressignac.fr\\\/web\\\/\",\"logo\":{\"@type\":\"ImageObject\",\"inLanguage\":\"fr-FR\",\"@id\":\"https:\\\/\\\/www.pressignac.fr\\\/web\\\/#\\\/schema\\\/logo\\\/image\\\/\",\"url\":\"https:\\\/\\\/www.pressignac.fr\\\/web\\\/wp-content\\\/uploads\\\/2022\\\/08\\\/logo-pressignac.png\",\"contentUrl\":\"https:\\\/\\\/www.pressignac.fr\\\/web\\\/wp-content\\\/uploads\\\/2022\\\/08\\\/logo-pressignac.png\",\"width\":981,\"height\":982,\"caption\":\"Ville de Pressignac\"},\"image\":{\"@id\":\"https:\\\/\\\/www.pressignac.fr\\\/web\\\/#\\\/schema\\\/logo\\\/image\\\/\"}},{\"@type\":\"Person\",\"@id\":\"https:\\\/\\\/www.pressignac.fr\\\/web\\\/#\\\/schema\\\/person\\\/5cb373212aa845657513690235d6c2f9\",\"name\":\"secretariat\",\"image\":{\"@type\":\"ImageObject\",\"inLanguage\":\"fr-FR\",\"@id\":\"https:\\\/\\\/secure.gravatar.com\\\/avatar\\\/b03e44375dbe69ded9d8cb2784774613f319cc88487e8ddd50deff87858b8e1a?s=96&d=mm&r=g\",\"url\":\"https:\\\/\\\/secure.gravatar.com\\\/avatar\\\/b03e44375dbe69ded9d8cb2784774613f319cc88487e8ddd50deff87858b8e1a?s=96&d=mm&r=g\",\"contentUrl\":\"https:\\\/\\\/secure.gravatar.com\\\/avatar\\\/b03e44375dbe69ded9d8cb2784774613f319cc88487e8ddd50deff87858b8e1a?s=96&d=mm&r=g\",\"caption\":\"secretariat\"},\"sameAs\":[\"https:\\\/\\\/www.pressignac.fr\\\/web\"],\"url\":\"https:\\\/\\\/www.pressignac.fr\\\/web\\\/index.php\\\/author\\\/secretariat\\\/\"}]}<\/script>\n<!-- \/ Yoast SEO plugin. -->","yoast_head_json":{"title":"Interdiction temporaire de la p\u00eache sur la retenue du Lac de Lavaud - Pressignac","robots":{"index":"index","follow":"follow","max-snippet":"max-snippet:-1","max-image-preview":"max-image-preview:large","max-video-preview":"max-video-preview:-1"},"canonical":"https:\/\/www.pressignac.fr\/web\/index.php\/2026\/08\/20\/interdiction-temporaire-de-la-peche-sur-la-retenue-du-lac-de-lavaud\/","og_locale":"fr_FR","og_type":"article","og_title":"Interdiction temporaire de la p\u00eache sur la retenue du Lac de Lavaud - Pressignac","og_url":"https:\/\/www.pressignac.fr\/web\/index.php\/2026\/08\/20\/interdiction-temporaire-de-la-peche-sur-la-retenue-du-lac-de-lavaud\/","og_site_name":"Pressignac","article_published_time":"2026-08-20T09:08:34+00:00","article_modified_time":"2026-08-20T09:30:55+00:00","og_image":[{"width":412,"height":355,"url":"https:\/\/www.pressignac.fr\/web\/wp-content\/uploads\/2026\/08\/Capture-decran-2026-08-20-111431.png","type":"image\/png"}],"author":"secretariat","twitter_card":"summary_large_image","twitter_misc":{"\u00c9crit par":"secretariat","Dur\u00e9e de lecture estim\u00e9e":"1 minute"},"schema":{"@context":"https:\/\/schema.org","@graph":[{"@type":"Article","@id":"https:\/\/www.pressignac.fr\/web\/index.php\/2026\/08\/20\/interdiction-temporaire-de-la-peche-sur-la-retenue-du-lac-de-lavaud\/#article","isPartOf":{"@id":"https:\/\/www.pressignac.fr\/web\/index.php\/2026\/08\/20\/interdiction-temporaire-de-la-peche-sur-la-retenue-du-lac-de-lavaud\/"},"author":{"name":"secretariat","@id":"https:\/\/www.pressignac.fr\/web\/#\/schema\/person\/5cb373212aa845657513690235d6c2f9"},"headline":"Interdiction temporaire de la p\u00eache sur la retenue du Lac de Lavaud","datePublished":"2026-08-20T09:08:34+00:00","dateModified":"2026-08-20T09:30:55+00:00","mainEntityOfPage":{"@id":"https:\/\/www.pressignac.fr\/web\/index.php\/2026\/08\/20\/interdiction-temporaire-de-la-peche-sur-la-retenue-du-lac-de-lavaud\/"},"wordCount":13,"publisher":{"@id":"https:\/\/www.pressignac.fr\/web\/#organization"},"image":{"@id":"https:\/\/www.pressignac.fr\/web\/index.php\/2026\/08\/20\/interdiction-temporaire-de-la-peche-sur-la-retenue-du-lac-de-lavaud\/#primaryimage"},"thumbnailUrl":"https:\/\/www.pressignac.fr\/web\/wp-content\/uploads\/2026\/08\/Capture-decran-2026-08-20-111431.png","articleSection":["Informations"],"inLanguage":"fr-FR"},{"@type":"WebPage","@id":"https:\/\/www.pressignac.fr\/web\/index.php\/2026\/08\/20\/interdiction-temporaire-de-la-peche-sur-la-retenue-du-lac-de-lavaud\/","url":"https:\/\/www.pressignac.fr\/web\/index.php\/2026\/08\/20\/interdiction-temporaire-de-la-peche-sur-la-retenue-du-lac-de-lavaud\/","name":"Interdiction temporaire de la p\u00eache sur la retenue du Lac de Lavaud - Pressignac","isPartOf":{"@id":"https:\/\/www.pressignac.fr\/web\/#website"},"primaryImageOfPage":{"@id":"https:\/\/www.pressignac.fr\/web\/index.php\/2026\/08\/20\/interdiction-temporaire-de-la-peche-sur-la-retenue-du-lac-de-lavaud\/#primaryimage"},"image":{"@id":"https:\/\/www.pressignac.fr\/web\/index.php\/2026\/08\/20\/interdiction-temporaire-de-la-peche-sur-la-retenue-du-lac-de-lavaud\/#primaryimage"},"thumbnailUrl":"https:\/\/www.pressignac.fr\/web\/wp-content\/uploads\/2026\/08\/Capture-decran-2026-08-20-111431.png","datePublished":"2026-08-20T09:08:34+00:00","dateModified":"2026-08-20T09:30:55+00:00","breadcrumb":{"@id":"https:\/\/www.pressignac.fr\/web\/index.php\/2026\/08\/20\/interdiction-temporaire-de-la-peche-sur-la-retenue-du-lac-de-lavaud\/#breadcrumb"},"inLanguage":"fr-FR","potentialAction":[{"@type":"ReadAction","target":["https:\/\/www.pressignac.fr\/web\/index.php\/2026\/08\/20\/interdiction-temporaire-de-la-peche-sur-la-retenue-du-lac-de-lavaud\/"]}]},{"@type":"ImageObject","inLanguage":"fr-FR","@id":"https:\/\/www.pressignac.fr\/web\/index.php\/2026\/08\/20\/interdiction-temporaire-de-la-peche-sur-la-retenue-du-lac-de-lavaud\/#primaryimage","url":"https:\/\/www.pressignac.fr\/web\/wp-content\/uploads\/2026\/08\/Capture-decran-2026-08-20-111431.png","contentUrl":"https:\/\/www.pressignac.fr\/web\/wp-content\/uploads\/2026\/08\/Capture-decran-2026-08-20-111431.png","width":412,"height":355},{"@type":"BreadcrumbList","@id":"https:\/\/www.pressignac.fr\/web\/index.php\/2026\/08\/20\/interdiction-temporaire-de-la-peche-sur-la-retenue-du-lac-de-lavaud\/#breadcrumb","itemListElement":[{"@type":"ListItem","position":1,"name":"Accueil","item":"https:\/\/www.pressignac.fr\/web\/"},{"@type":"ListItem","position":2,"name":"Interdiction temporaire de la p\u00eache sur la retenue du Lac de Lavaud"}]},{"@type":"WebSite","@id":"https:\/\/www.pressignac.fr\/web\/#website","url":"https:\/\/www.pressignac.fr\/web\/","name":"Pressignac","description":"Commune de Charente Limousine","publisher":{"@id":"https:\/\/www.pressignac.fr\/web\/#organization"},"potentialAction":[{"@type":"SearchAction","target":{"@type":"EntryPoint","urlTemplate":"https:\/\/www.pressignac.fr\/web\/?s={search_term_string}"},"query-input":{"@type":"PropertyValueSpecification","valueRequired":true,"valueName":"search_term_string"}}],"inLanguage":"fr-FR"},{"@type":"Organization","@id":"https:\/\/www.pressignac.fr\/web\/#organization","name":"Ville de Pressignac","url":"https:\/\/www.pressignac.fr\/web\/","logo":{"@type":"ImageObject","inLanguage":"fr-FR","@id":"https:\/\/www.pressignac.fr\/web\/#\/schema\/logo\/image\/","url":"https:\/\/www.pressignac.fr\/web\/wp-content\/uploads\/2022\/08\/logo-pressignac.png","contentUrl":"https:\/\/www.pressignac.fr\/web\/wp-content\/uploads\/2022\/08\/logo-pressignac.png","width":981,"height":982,"caption":"Ville de Pressignac"},"image":{"@id":"https:\/\/www.pressignac.fr\/web\/#\/schema\/logo\/image\/"}},{"@type":"Person","@id":"https:\/\/www.pressignac.fr\/web\/#\/schema\/person\/5cb373212aa845657513690235d6c2f9","name":"secretariat","image":{"@type":"ImageObject","inLanguage":"fr-FR","@id":"https:\/\/secure.gravatar.com\/avatar\/b03e44375dbe69ded9d8cb2784774613f319cc88487e8ddd50deff87858b8e1a?s=96&d=mm&r=g","url":"https:\/\/secure.gravatar.com\/avatar\/b03e44375dbe69ded9d8cb2784774613f319cc88487e8ddd50deff87858b8e1a?s=96&d=mm&r=g","contentUrl":"https:\/\/secure.gravatar.com\/avatar\/b03e44375dbe69ded9d8cb2784774613f319cc88487e8ddd50deff87858b8e1a?s=96&d=mm&r=g","caption":"secretariat"},"sameAs":["https:\/\/www.pressignac.fr\/web"],"url":"https:\/\/www.pressignac.fr\/web\/index.php\/author\/secretariat\/"}]}},"_links":{"self":[{"href":"https:\/\/www.pressignac.fr\/web\/index.php\/wp-json\/wp\/v2\/posts\/1533","targetHints":{"allow":["GET"]}}],"collection":[{"href":"https:\/\/www.pressignac.fr\/web\/index.php\/wp-json\/wp\/v2\/posts"}],"about":[{"href":"https:\/\/www.pressignac.fr\/web\/index.php\/wp-json\/wp\/v2\/types\/post"}],"author":[{"embeddable":true,"href":"https:\/\/www.pressignac.fr\/web\/index.php\/wp-json\/wp\/v2\/users\/1"}],"replies":[{"embeddable":true,"href":"https:\/\/www.pressignac.fr\/web\/index.php\/wp-json\/wp\/v2\/comments?post=1533"}],"version-history":[{"count":31,"href":"https:\/\/www.pressignac.fr\/web\/index.php\/wp-json\/wp\/v2\/posts\/1533\/revisions"}],"predecessor-version":[{"id":1572,"href":"https:\/\/www.pressignac.fr\/web\/index.php\/wp-json\/wp\/v2\/posts\/1533\/revisions\/1572"}],"wp:featuredmedia":[{"embeddable":true,"href":"https:\/\/www.pressignac.fr\/web\/index.php\/wp-json\/wp\/v2\/media\/1543"}],"wp:attachment":[{"href":"https:\/\/www.pressignac.fr\/web\/index.php\/wp-json\/wp\/v2\/media?parent=1533"}],"wp:term":[{"taxonomy":"category","embeddable":true,"href":"https:\/\/www.pressignac.fr\/web\/index.php\/wp-json\/wp\/v2\/categories?post=1533"},{"taxonomy":"post_tag","embeddable":true,"href":"https:\/\/www.pressignac.fr\/web\/index.php\/wp-json\/wp\/v2\/tags?post=1533"}],"curies":[{"name":"wp","href":"https:\/\/api.w.org\/{rel}","templated":true}]}}