{"id":457,"date":"2023-01-20T15:44:47","date_gmt":"2023-01-20T14:44:47","guid":{"rendered":"https:\/\/www.pressignac.fr\/web\/?p=457"},"modified":"2023-01-20T15:45:10","modified_gmt":"2023-01-20T14:45:10","slug":"recensement-de-la-population","status":"publish","type":"post","link":"https:\/\/www.pressignac.fr\/web\/index.php\/2023\/01\/20\/recensement-de-la-population\/","title":{"rendered":"Recensement de la population"},"content":{"rendered":"\n<div class=\"wp-block-file\"><a id=\"wp-block-file--media-bef9d95e-bfc3-48ba-8462-35b0b07c4faa\" href=\"https:\/\/www.pressignac.fr\/web\/wp-content\/uploads\/2023\/01\/Affiche-recensement.png\">Affiche recensement<\/a><a href=\"https:\/\/www.pressignac.fr\/web\/wp-content\/uploads\/2023\/01\/Affiche-recensement.png\" class=\"wp-block-file__button wp-element-button\" download aria-describedby=\"wp-block-file--media-bef9d95e-bfc3-48ba-8462-35b0b07c4faa\">T\u00e9l\u00e9charger<\/a><\/div>\n\n\n\n<p>Le recensement de la population se fera du 19 Janvier au 18 f\u00e9vrier 2023.<\/p>\n\n\n\n<p>Premi\u00e8re \u00e9tape Distribution le 19 et 20 Janvier  des codes d\u2019acc\u00e8s et des identifiants pour le recensement  par internet :  le-recensement-et-moi.fr <\/p>\n\n\n\n<p>Deuxi\u00e8me \u00e9tape: \u00e0 partir du 25 Janvier relance par l&rsquo;agent recenseur qui pourra apporter une aide au recensement en ligne ou pourra distribuer les bulletins papier.<\/p>\n\n\n\n<p>N\u2019h\u00e9sitez pas \u00e0 contacter la mairie au 05.45.89.04.56 pour toute information compl\u00e9mentaire<\/p>\n","protected":false},"excerpt":{"rendered":"<p>Le recensement de la population se fera du 19 Janvier au 18 f\u00e9vrier 2023. Premi\u00e8re \u00e9tape Distribution le 19 et 20 Janvier des codes d\u2019acc\u00e8s et des identifiants pour le recensement par internet : le-recensement-et-moi.fr Deuxi\u00e8me \u00e9tape: \u00e0 partir du 25 Janvier relance par l&rsquo;agent recenseur qui pourra apporter une [&hellip;]<\/p>\n","protected":false},"author":1,"featured_media":0,"comment_status":"closed","ping_status":"open","sticky":false,"template":"","format":"standard","meta":{"footnotes":""},"categories":[4],"tags":[],"class_list":["post-457","post","type-post","status-publish","format-standard","hentry","category-informations"],"yoast_head":"<!-- This site is optimized with the Yoast SEO plugin v25.6 - https:\/\/yoast.com\/wordpress\/plugins\/seo\/ -->\n<title>Recensement de la population - Pressignac<\/title>\n<meta name=\"robots\" content=\"index, follow, max-snippet:-1, max-image-preview:large, max-video-preview:-1\" \/>\n<link rel=\"canonical\" href=\"https:\/\/www.pressignac.fr\/web\/index.php\/2023\/01\/20\/recensement-de-la-population\/\" \/>\n<meta property=\"og:locale\" content=\"fr_FR\" \/>\n<meta property=\"og:type\" content=\"article\" \/>\n<meta property=\"og:title\" content=\"Recensement de la population - Pressignac\" \/>\n<meta property=\"og:description\" content=\"Le recensement de la population se fera du 19 Janvier au 18 f\u00e9vrier 2023. Premi\u00e8re \u00e9tape Distribution le 19 et 20 Janvier des codes d\u2019acc\u00e8s et des identifiants pour le recensement par internet : le-recensement-et-moi.fr Deuxi\u00e8me \u00e9tape: \u00e0 partir du 25 Janvier relance par l&rsquo;agent recenseur qui pourra apporter une [&hellip;]\" \/>\n<meta property=\"og:url\" content=\"https:\/\/www.pressignac.fr\/web\/index.php\/2023\/01\/20\/recensement-de-la-population\/\" \/>\n<meta property=\"og:site_name\" content=\"Pressignac\" \/>\n<meta property=\"article:published_time\" content=\"2023-01-20T14:44:47+00:00\" \/>\n<meta property=\"article:modified_time\" content=\"2023-01-20T14:45:10+00:00\" \/>\n<meta property=\"og:image\" content=\"https:\/\/www.pressignac.fr\/web\/wp-content\/uploads\/2023\/01\/Capture.png\" \/>\n\t<meta property=\"og:image:width\" content=\"896\" \/>\n\t<meta property=\"og:image:height\" content=\"260\" \/>\n\t<meta property=\"og:image:type\" content=\"image\/png\" \/>\n<meta name=\"author\" content=\"secretariat\" \/>\n<meta name=\"twitter:card\" content=\"summary_large_image\" \/>\n<meta name=\"twitter:label1\" content=\"\u00c9crit par\" \/>\n\t<meta name=\"twitter:data1\" content=\"secretariat\" \/>\n\t<meta name=\"twitter:label2\" content=\"Dur\u00e9e de lecture estim\u00e9e\" \/>\n\t<meta name=\"twitter:data2\" content=\"1 minute\" \/>\n<script type=\"application\/ld+json\" class=\"yoast-schema-graph\">{\"@context\":\"https:\/\/schema.org\",\"@graph\":[{\"@type\":\"Article\",\"@id\":\"https:\/\/www.pressignac.fr\/web\/index.php\/2023\/01\/20\/recensement-de-la-population\/#article\",\"isPartOf\":{\"@id\":\"https:\/\/www.pressignac.fr\/web\/index.php\/2023\/01\/20\/recensement-de-la-population\/\"},\"author\":{\"name\":\"secretariat\",\"@id\":\"https:\/\/www.pressignac.fr\/web\/#\/schema\/person\/5cb373212aa845657513690235d6c2f9\"},\"headline\":\"Recensement de la population\",\"datePublished\":\"2023-01-20T14:44:47+00:00\",\"dateModified\":\"2023-01-20T14:45:10+00:00\",\"mainEntityOfPage\":{\"@id\":\"https:\/\/www.pressignac.fr\/web\/index.php\/2023\/01\/20\/recensement-de-la-population\/\"},\"wordCount\":81,\"publisher\":{\"@id\":\"https:\/\/www.pressignac.fr\/web\/#organization\"},\"articleSection\":[\"Informations\"],\"inLanguage\":\"fr-FR\"},{\"@type\":\"WebPage\",\"@id\":\"https:\/\/www.pressignac.fr\/web\/index.php\/2023\/01\/20\/recensement-de-la-population\/\",\"url\":\"https:\/\/www.pressignac.fr\/web\/index.php\/2023\/01\/20\/recensement-de-la-population\/\",\"name\":\"Recensement de la population - Pressignac\",\"isPartOf\":{\"@id\":\"https:\/\/www.pressignac.fr\/web\/#website\"},\"datePublished\":\"2023-01-20T14:44:47+00:00\",\"dateModified\":\"2023-01-20T14:45:10+00:00\",\"breadcrumb\":{\"@id\":\"https:\/\/www.pressignac.fr\/web\/index.php\/2023\/01\/20\/recensement-de-la-population\/#breadcrumb\"},\"inLanguage\":\"fr-FR\",\"potentialAction\":[{\"@type\":\"ReadAction\",\"target\":[\"https:\/\/www.pressignac.fr\/web\/index.php\/2023\/01\/20\/recensement-de-la-population\/\"]}]},{\"@type\":\"BreadcrumbList\",\"@id\":\"https:\/\/www.pressignac.fr\/web\/index.php\/2023\/01\/20\/recensement-de-la-population\/#breadcrumb\",\"itemListElement\":[{\"@type\":\"ListItem\",\"position\":1,\"name\":\"Accueil\",\"item\":\"https:\/\/www.pressignac.fr\/web\/\"},{\"@type\":\"ListItem\",\"position\":2,\"name\":\"Recensement de la population\"}]},{\"@type\":\"WebSite\",\"@id\":\"https:\/\/www.pressignac.fr\/web\/#website\",\"url\":\"https:\/\/www.pressignac.fr\/web\/\",\"name\":\"Pressignac\",\"description\":\"Commune de Charente Limousine\",\"publisher\":{\"@id\":\"https:\/\/www.pressignac.fr\/web\/#organization\"},\"potentialAction\":[{\"@type\":\"SearchAction\",\"target\":{\"@type\":\"EntryPoint\",\"urlTemplate\":\"https:\/\/www.pressignac.fr\/web\/?s={search_term_string}\"},\"query-input\":{\"@type\":\"PropertyValueSpecification\",\"valueRequired\":true,\"valueName\":\"search_term_string\"}}],\"inLanguage\":\"fr-FR\"},{\"@type\":\"Organization\",\"@id\":\"https:\/\/www.pressignac.fr\/web\/#organization\",\"name\":\"Pressignac\",\"url\":\"https:\/\/www.pressignac.fr\/web\/\",\"logo\":{\"@type\":\"ImageObject\",\"inLanguage\":\"fr-FR\",\"@id\":\"https:\/\/www.pressignac.fr\/web\/#\/schema\/logo\/image\/\",\"url\":\"https:\/\/www.pressignac.fr\/web\/wp-content\/uploads\/2022\/08\/logo-pressignac.png\",\"contentUrl\":\"https:\/\/www.pressignac.fr\/web\/wp-content\/uploads\/2022\/08\/logo-pressignac.png\",\"width\":981,\"height\":982,\"caption\":\"Pressignac\"},\"image\":{\"@id\":\"https:\/\/www.pressignac.fr\/web\/#\/schema\/logo\/image\/\"}},{\"@type\":\"Person\",\"@id\":\"https:\/\/www.pressignac.fr\/web\/#\/schema\/person\/5cb373212aa845657513690235d6c2f9\",\"name\":\"secretariat\",\"image\":{\"@type\":\"ImageObject\",\"inLanguage\":\"fr-FR\",\"@id\":\"https:\/\/www.pressignac.fr\/web\/#\/schema\/person\/image\/\",\"url\":\"https:\/\/secure.gravatar.com\/avatar\/c9e8e311d38bed42c4f1fbfeabed24d7?s=96&d=mm&r=g\",\"contentUrl\":\"https:\/\/secure.gravatar.com\/avatar\/c9e8e311d38bed42c4f1fbfeabed24d7?s=96&d=mm&r=g\",\"caption\":\"secretariat\"},\"sameAs\":[\"https:\/\/www.pressignac.fr\/web\"],\"url\":\"https:\/\/www.pressignac.fr\/web\/index.php\/author\/secretariat\/\"}]}<\/script>\n<!-- \/ Yoast SEO plugin. -->","yoast_head_json":{"title":"Recensement de la population - Pressignac","robots":{"index":"index","follow":"follow","max-snippet":"max-snippet:-1","max-image-preview":"max-image-preview:large","max-video-preview":"max-video-preview:-1"},"canonical":"https:\/\/www.pressignac.fr\/web\/index.php\/2023\/01\/20\/recensement-de-la-population\/","og_locale":"fr_FR","og_type":"article","og_title":"Recensement de la population - Pressignac","og_description":"Le recensement de la population se fera du 19 Janvier au 18 f\u00e9vrier 2023. Premi\u00e8re \u00e9tape Distribution le 19 et 20 Janvier des codes d\u2019acc\u00e8s et des identifiants pour le recensement par internet : le-recensement-et-moi.fr Deuxi\u00e8me \u00e9tape: \u00e0 partir du 25 Janvier relance par l&rsquo;agent recenseur qui pourra apporter une [&hellip;]","og_url":"https:\/\/www.pressignac.fr\/web\/index.php\/2023\/01\/20\/recensement-de-la-population\/","og_site_name":"Pressignac","article_published_time":"2023-01-20T14:44:47+00:00","article_modified_time":"2023-01-20T14:45:10+00:00","og_image":[{"width":896,"height":260,"url":"https:\/\/www.pressignac.fr\/web\/wp-content\/uploads\/2023\/01\/Capture.png","type":"image\/png"}],"author":"secretariat","twitter_card":"summary_large_image","twitter_misc":{"\u00c9crit par":"secretariat","Dur\u00e9e de lecture estim\u00e9e":"1 minute"},"schema":{"@context":"https:\/\/schema.org","@graph":[{"@type":"Article","@id":"https:\/\/www.pressignac.fr\/web\/index.php\/2023\/01\/20\/recensement-de-la-population\/#article","isPartOf":{"@id":"https:\/\/www.pressignac.fr\/web\/index.php\/2023\/01\/20\/recensement-de-la-population\/"},"author":{"name":"secretariat","@id":"https:\/\/www.pressignac.fr\/web\/#\/schema\/person\/5cb373212aa845657513690235d6c2f9"},"headline":"Recensement de la population","datePublished":"2023-01-20T14:44:47+00:00","dateModified":"2023-01-20T14:45:10+00:00","mainEntityOfPage":{"@id":"https:\/\/www.pressignac.fr\/web\/index.php\/2023\/01\/20\/recensement-de-la-population\/"},"wordCount":81,"publisher":{"@id":"https:\/\/www.pressignac.fr\/web\/#organization"},"articleSection":["Informations"],"inLanguage":"fr-FR"},{"@type":"WebPage","@id":"https:\/\/www.pressignac.fr\/web\/index.php\/2023\/01\/20\/recensement-de-la-population\/","url":"https:\/\/www.pressignac.fr\/web\/index.php\/2023\/01\/20\/recensement-de-la-population\/","name":"Recensement de la population - Pressignac","isPartOf":{"@id":"https:\/\/www.pressignac.fr\/web\/#website"},"datePublished":"2023-01-20T14:44:47+00:00","dateModified":"2023-01-20T14:45:10+00:00","breadcrumb":{"@id":"https:\/\/www.pressignac.fr\/web\/index.php\/2023\/01\/20\/recensement-de-la-population\/#breadcrumb"},"inLanguage":"fr-FR","potentialAction":[{"@type":"ReadAction","target":["https:\/\/www.pressignac.fr\/web\/index.php\/2023\/01\/20\/recensement-de-la-population\/"]}]},{"@type":"BreadcrumbList","@id":"https:\/\/www.pressignac.fr\/web\/index.php\/2023\/01\/20\/recensement-de-la-population\/#breadcrumb","itemListElement":[{"@type":"ListItem","position":1,"name":"Accueil","item":"https:\/\/www.pressignac.fr\/web\/"},{"@type":"ListItem","position":2,"name":"Recensement de la population"}]},{"@type":"WebSite","@id":"https:\/\/www.pressignac.fr\/web\/#website","url":"https:\/\/www.pressignac.fr\/web\/","name":"Pressignac","description":"Commune de Charente Limousine","publisher":{"@id":"https:\/\/www.pressignac.fr\/web\/#organization"},"potentialAction":[{"@type":"SearchAction","target":{"@type":"EntryPoint","urlTemplate":"https:\/\/www.pressignac.fr\/web\/?s={search_term_string}"},"query-input":{"@type":"PropertyValueSpecification","valueRequired":true,"valueName":"search_term_string"}}],"inLanguage":"fr-FR"},{"@type":"Organization","@id":"https:\/\/www.pressignac.fr\/web\/#organization","name":"Pressignac","url":"https:\/\/www.pressignac.fr\/web\/","logo":{"@type":"ImageObject","inLanguage":"fr-FR","@id":"https:\/\/www.pressignac.fr\/web\/#\/schema\/logo\/image\/","url":"https:\/\/www.pressignac.fr\/web\/wp-content\/uploads\/2022\/08\/logo-pressignac.png","contentUrl":"https:\/\/www.pressignac.fr\/web\/wp-content\/uploads\/2022\/08\/logo-pressignac.png","width":981,"height":982,"caption":"Pressignac"},"image":{"@id":"https:\/\/www.pressignac.fr\/web\/#\/schema\/logo\/image\/"}},{"@type":"Person","@id":"https:\/\/www.pressignac.fr\/web\/#\/schema\/person\/5cb373212aa845657513690235d6c2f9","name":"secretariat","image":{"@type":"ImageObject","inLanguage":"fr-FR","@id":"https:\/\/www.pressignac.fr\/web\/#\/schema\/person\/image\/","url":"https:\/\/secure.gravatar.com\/avatar\/c9e8e311d38bed42c4f1fbfeabed24d7?s=96&d=mm&r=g","contentUrl":"https:\/\/secure.gravatar.com\/avatar\/c9e8e311d38bed42c4f1fbfeabed24d7?s=96&d=mm&r=g","caption":"secretariat"},"sameAs":["https:\/\/www.pressignac.fr\/web"],"url":"https:\/\/www.pressignac.fr\/web\/index.php\/author\/secretariat\/"}]}},"_links":{"self":[{"href":"https:\/\/www.pressignac.fr\/web\/index.php\/wp-json\/wp\/v2\/posts\/457"}],"collection":[{"href":"https:\/\/www.pressignac.fr\/web\/index.php\/wp-json\/wp\/v2\/posts"}],"about":[{"href":"https:\/\/www.pressignac.fr\/web\/index.php\/wp-json\/wp\/v2\/types\/post"}],"author":[{"embeddable":true,"href":"https:\/\/www.pressignac.fr\/web\/index.php\/wp-json\/wp\/v2\/users\/1"}],"replies":[{"embeddable":true,"href":"https:\/\/www.pressignac.fr\/web\/index.php\/wp-json\/wp\/v2\/comments?post=457"}],"version-history":[{"count":1,"href":"https:\/\/www.pressignac.fr\/web\/index.php\/wp-json\/wp\/v2\/posts\/457\/revisions"}],"predecessor-version":[{"id":460,"href":"https:\/\/www.pressignac.fr\/web\/index.php\/wp-json\/wp\/v2\/posts\/457\/revisions\/460"}],"wp:attachment":[{"href":"https:\/\/www.pressignac.fr\/web\/index.php\/wp-json\/wp\/v2\/media?parent=457"}],"wp:term":[{"taxonomy":"category","embeddable":true,"href":"https:\/\/www.pressignac.fr\/web\/index.php\/wp-json\/wp\/v2\/categories?post=457"},{"taxonomy":"post_tag","embeddable":true,"href":"https:\/\/www.pressignac.fr\/web\/index.php\/wp-json\/wp\/v2\/tags?post=457"}],"curies":[{"name":"wp","href":"https:\/\/api.w.org\/{rel}","templated":true}]}}